{"id":28705,"date":"2013-01-12T11:03:07","date_gmt":"2013-01-12T15:03:07","guid":{"rendered":"http:\/\/www.lafragolanapoli.it\/giornale\/?p=28705"},"modified":"2013-01-16T05:13:46","modified_gmt":"2013-01-16T09:13:46","slug":"un-grande-afragolese-mons-tommaso-caputo-nuovo-vescovo-di-pompei","status":"publish","type":"post","link":"http:\/\/www.lafragolanapoli.it\/giornale\/un-grande-afragolese-mons-tommaso-caputo-nuovo-vescovo-di-pompei\/","title":{"rendered":"Un grande afragolese Mons. Tommaso Caputo, nuovo Vescovo di Pompei."},"content":{"rendered":"<p style=\"text-align: left;\"><a rel=\"attachment wp-att-28774\" href=\"http:\/\/www.lafragolanapoli.it\/giornale\/?attachment_id=28774\"><img loading=\"lazy\" decoding=\"async\" class=\"aligncenter size-full wp-image-28774\" title=\"sihfh\" src=\"http:\/\/www.lafragolanapoli.it\/giornale\/wp-content\/uploads\/2013\/01\/sihfh.png\" alt=\"\" width=\"462\" height=\"150\" srcset=\"http:\/\/www.lafragolanapoli.it\/giornale\/wp-content\/uploads\/2013\/01\/sihfh.png 462w, http:\/\/www.lafragolanapoli.it\/giornale\/wp-content\/uploads\/2013\/01\/sihfh-300x97.png 300w\" sizes=\"auto, (max-width: 462px) 100vw, 462px\" \/><\/a><img loading=\"lazy\" decoding=\"async\" id=\"rg_hi\" class=\"alignleft\" src=\"http:\/\/t1.gstatic.com\/images?q=tbn:ANd9GcR3INmrWs1rNqFPruXH1Alnbv-vxjQNw8zQqw0LH3MAIJMdoFOGMQ\" alt=\"\" width=\"135\" height=\"151\" \/>M<strong>onsignor Tommaso Caputo, 62 anni, nunzio apostolico a Malta, \u00e8 sacerdote dal 1974, originario di Afragola Napoli, \u00e8 dal 1980 nel servizio diplomatico della Santa Sede, dove per quattro anni \u00e8 stato alla Segreteria di Stato. Alla guida della prelatura di Pompei e del santuario mariano, succede a Mons. Carlo Liberati, dimessosi per raggiunti limiti di et\u00e0.\u00a0\u00a0<\/strong><\/p>\n<p>Sabato prossimo, la comunit\u00e0 religiosa pompeiana, saluter\u00e0 l\u2019insediamento di Mons. Tommaso Caputo, nuovo Vescovo di Pompei. La nomina di Caputo come guida spirituale per la Diocesi di Pompei \u00e8 notizia di dominio pubblico a partire dal 10 novembre 2012, giorno in cui il conferimento \u00e8 stato attribuito per volont\u00e0 di Papa Benedetto XVI. Il nuovo Pastore \u00e8 gi\u00e0, di fatto, ti&#8230;tolare del Santissimo Ministero e, sabato 12 gennaio, s\u2019insedier\u00e0 ufficialmente nella Prelatura pompeiana. L\u2019arrivo del Vescovo \u00e8 previsto per le ore 16.00 in piazza Immacolata e sar\u00e0 salutato, per primo, dal sindaco di Pompei Claudio D\u2019Alessio. A seguire un corteo, formato dai tanti fedeli che presenzieranno all\u2019evento, accompagner\u00e0 il Prelato fino al Santuario della Beata Vergine del Rosario presso il quale sar\u00e0 officiata la solenne celebrazione liturgica alle ore 17.00. Pare che per omaggiare l\u2019ingresso del nuovo Pastore nella citt\u00e0 mariana, l\u2019assessorato al Turismo, in collaborazione con gli operatori del mercato dei fiori di Pompei, abbia convocato alcuni maestri madonnari. Essi riprodurranno con i fiori la venerabile Icona della Madonna di Pompei. Un momento di grande emozione, dunque, quello che si appresta a vivere la comunit\u00e0 religiosa pompeiana.<\/p>\n<p>Nasce in <a title=\"Campania\" href=\"http:\/\/it.wikipedia.org\/wiki\/Campania\">Campania<\/a>\u00a0ad Afragola NA il 17\u00a0 ottobre 1950 presso la parrocchia di S.M<a rel=\"attachment wp-att-28706\" href=\"http:\/\/www.lafragolanapoli.it\/giornale\/?attachment_id=28706\"><\/a>aria d&#8217;Ajello\u00a0e riceve l&#8217;ordinazione presbiterale il <a title=\"10 aprile\" href=\"http:\/\/it.wikipedia.org\/wiki\/10_aprile\">10 aprile<\/a> <a title=\"1974\" href=\"http:\/\/it.wikipedia.org\/wiki\/1974\">1974<\/a> dal <a title=\"Cardinale\" href=\"http:\/\/it.wikipedia.org\/wiki\/Cardinale\">cardinale<\/a> <a title=\"Corrado Ursi\" href=\"http:\/\/it.wikipedia.org\/wiki\/Corrado_Ursi\">Corrado Ursi<\/a> per l&#8217;<a title=\"Arcidiocesi di Napoli\" href=\"http:\/\/it.wikipedia.org\/wiki\/Arcidiocesi_di_Napoli\">arcidiocesi di Napoli<\/a>.<\/p>\n<p>Frequenta la Pontificia Accademia Ecclesiastica ed entra nel servizio diplomatico della <a title=\"Santa Sede\" href=\"http:\/\/it.wikipedia.org\/wiki\/Santa_Sede\">Santa Sede<\/a>.<\/p>\n<p>Dal <a title=\"19 giugno\" href=\"http:\/\/it.wikipedia.org\/wiki\/19_giugno\">19 giugno<\/a> <a title=\"1993\" href=\"http:\/\/it.wikipedia.org\/wiki\/1993\">1993<\/a> al <a title=\"3 settembre\" href=\"http:\/\/it.wikipedia.org\/wiki\/3_settembre\">3 settembre<\/a> <a title=\"2007\" href=\"http:\/\/it.wikipedia.org\/wiki\/2007\">2007<\/a> \u00e8 capo del protocollo presso la <a title=\"Segreteria di Stato della Santa Sede\" href=\"http:\/\/it.wikipedia.org\/wiki\/Segreteria_di_Stato_della_Santa_Sede\">Segreteria di Stato della Santa Sede<\/a>.<\/p>\n<p>Il <a title=\"3 settembre\" href=\"http:\/\/it.wikipedia.org\/wiki\/3_settembre\">3 settembre<\/a> <a title=\"2007\" href=\"http:\/\/it.wikipedia.org\/wiki\/2007\">2007<\/a> \u00e8 nominato arcivescovo titolare di <a title=\"Diocesi di Otricoli\" href=\"http:\/\/it.wikipedia.org\/wiki\/Diocesi_di_Otricoli\">Otricoli<\/a> e nunzio apostolico a <a title=\"Chiesa cattolica a Malta\" href=\"http:\/\/it.wikipedia.org\/wiki\/Chiesa_cattolica_a_Malta\">Malta<\/a> e in <a title=\"Chiesa cattolica in Libia\" href=\"http:\/\/it.wikipedia.org\/wiki\/Chiesa_cattolica_in_Libia\">Libia<\/a>.<\/p>\n<p>Riceve la consacrazione episcopale il <a title=\"29 settembre\" href=\"http:\/\/it.wikipedia.org\/wiki\/29_settembre\">29 settembre<\/a> <a title=\"2007\" href=\"http:\/\/it.wikipedia.org\/wiki\/2007\">2007<\/a> da <a title=\"Papa Benedetto XVI\" href=\"http:\/\/it.wikipedia.org\/wiki\/Papa_Benedetto_XVI\">papa Benedetto XVI<\/a>, co-consacranti i <a title=\"Cardinale\" href=\"http:\/\/it.wikipedia.org\/wiki\/Cardinale\">cardinali<\/a> <a title=\"Tarcisio Bertone\" href=\"http:\/\/it.wikipedia.org\/wiki\/Tarcisio_Bertone\">Tarcisio Bertone<\/a> e <a title=\"Marian Jaworski\" href=\"http:\/\/it.wikipedia.org\/wiki\/Marian_Jaworski\">Marian Jaworski<\/a>.<\/p>\n<p>Il <a title=\"10 novembre\" href=\"http:\/\/it.wikipedia.org\/wiki\/10_novembre\">10 novembre<\/a> <a title=\"2012\" href=\"http:\/\/it.wikipedia.org\/wiki\/2012\">2012<\/a> \u00e8 nominato <a title=\"Prelatura territoriale\" href=\"http:\/\/it.wikipedia.org\/wiki\/Prelatura_territoriale\">prelato<\/a> di <a title=\"Prelatura territoriale di Pompei\" href=\"http:\/\/it.wikipedia.org\/wiki\/Prelatura_territoriale_di_Pompei\">Pompei<\/a> e delegato pontificio per il <a title=\"Santuario della Beata Vergine del Rosario di Pompei\" href=\"http:\/\/it.wikipedia.org\/wiki\/Santuario_della_Beata_Vergine_del_Rosario_di_Pompei\">santuario della Beata Vergine del Rosario<\/a>.<\/p>\n<p>Da Afragola Alle 14,30 partenza per Pompei<br \/>\nNel partecipare all&#8217;accoglienza per l&#8217;insediamento di Mons. Tommaso Caputo nuovo Vescovo di Pompei, un pensiero per voi tutti ai piedi della Beata Vergine del Rosario di Pompei.<\/p>\n<p>VIVA TOMMASINO CAPUTO<\/p>\n<p>Gennaro Naspoletano<\/p>\n","protected":false},"excerpt":{"rendered":"<p>Monsignor Tommaso Caputo, 62 anni, nunzio apostolico a Malta, \u00e8 sacerdote dal 1974, originario di Afragola Napoli, \u00e8 dal 1980 nel servizio diplomatico della Santa Sede, dove per quattro anni [&hellip;]<\/p>\n","protected":false},"author":2,"featured_media":28774,"comment_status":"closed","ping_status":"open","sticky":false,"template":"","format":"standard","meta":{"footnotes":""},"categories":[1,4],"tags":[],"class_list":["post-28705","post","type-post","status-publish","format-standard","has-post-thumbnail","hentry","category-la-fragola-napoli","category-lo-strillo-afragola"],"_links":{"self":[{"href":"http:\/\/www.lafragolanapoli.it\/giornale\/wp-json\/wp\/v2\/posts\/28705","targetHints":{"allow":["GET"]}}],"collection":[{"href":"http:\/\/www.lafragolanapoli.it\/giornale\/wp-json\/wp\/v2\/posts"}],"about":[{"href":"http:\/\/www.lafragolanapoli.it\/giornale\/wp-json\/wp\/v2\/types\/post"}],"author":[{"embeddable":true,"href":"http:\/\/www.lafragolanapoli.it\/giornale\/wp-json\/wp\/v2\/users\/2"}],"replies":[{"embeddable":true,"href":"http:\/\/www.lafragolanapoli.it\/giornale\/wp-json\/wp\/v2\/comments?post=28705"}],"version-history":[{"count":7,"href":"http:\/\/www.lafragolanapoli.it\/giornale\/wp-json\/wp\/v2\/posts\/28705\/revisions"}],"predecessor-version":[{"id":28776,"href":"http:\/\/www.lafragolanapoli.it\/giornale\/wp-json\/wp\/v2\/posts\/28705\/revisions\/28776"}],"wp:featuredmedia":[{"embeddable":true,"href":"http:\/\/www.lafragolanapoli.it\/giornale\/wp-json\/wp\/v2\/media\/28774"}],"wp:attachment":[{"href":"http:\/\/www.lafragolanapoli.it\/giornale\/wp-json\/wp\/v2\/media?parent=28705"}],"wp:term":[{"taxonomy":"category","embeddable":true,"href":"http:\/\/www.lafragolanapoli.it\/giornale\/wp-json\/wp\/v2\/categories?post=28705"},{"taxonomy":"post_tag","embeddable":true,"href":"http:\/\/www.lafragolanapoli.it\/giornale\/wp-json\/wp\/v2\/tags?post=28705"}],"curies":[{"name":"wp","href":"https:\/\/api.w.org\/{rel}","templated":true}]}}