{"id":28673,"date":"2013-01-10T14:45:30","date_gmt":"2013-01-10T18:45:30","guid":{"rendered":"http:\/\/www.lafragolanapoli.it\/giornale\/?p=28673"},"modified":"2013-01-10T14:48:16","modified_gmt":"2013-01-10T18:48:16","slug":"servizio-a-striscia-la-notizia-accordo-tra-vigili-e-parcheggiatori-abusivi","status":"publish","type":"post","link":"http:\/\/www.lafragolanapoli.it\/giornale\/servizio-a-striscia-la-notizia-accordo-tra-vigili-e-parcheggiatori-abusivi\/","title":{"rendered":"Servizio a &#8220;Striscia la Notizia&#8221;: accordo tra vigili e parcheggiatori abusivi"},"content":{"rendered":"<p><a rel=\"attachment wp-att-28674\" href=\"http:\/\/www.lafragolanapoli.it\/giornale\/?attachment_id=28674\"><img loading=\"lazy\" decoding=\"async\" class=\"alignleft size-full wp-image-28674\" title=\"466131_striscia\" src=\"http:\/\/www.lafragolanapoli.it\/giornale\/wp-content\/uploads\/2013\/01\/466131_striscia.jpg\" alt=\"\" width=\"252\" height=\"174\" \/><\/a><\/p>\n<p>Napoli &#8211; E&#8217; andato in onda ieri sera, nell&#8217;ambito della famosa trasmissione di Antonio Ricci, &#8220;Striscia la Notizia&#8221;, un servizio a cura dell&#8217;inviato Luca Abete, in cui si vede chiaramente accordarsi vigili urbani e parcheggiatori abusivi, relativamente allo spazio da utilizzare per il parcheggio delle auto nella serata del concerto d Pino Daniele. in un primo momento il vigile invita il parcheggiatore a desistere a causa della presenza del sindaco al concerto. In seguito viene indicata un&#8217;area pi\u00f9 in lontananza, in modo da non essere troppo in vista. Poi \u00e8 la volta dell&#8217;accordo tra parcheggiatori e automobilisti, ai quali viene spiegato che il prezzo da pagare \u00e8 di 5 euro e in caso ci si sottragga al pagamento l&#8217;auto sar\u00e0 danneggiata<\/p>\n<p style=\"text-align: center;\"><a href=\"http:\/\/www.striscialanotizia.mediaset.it\/video\/videoextra.shtml?16605\"><img loading=\"lazy\" decoding=\"async\" class=\"size-full wp-image-28675 aligncenter\" title=\"C_35_video_16605_framevideo\" src=\"http:\/\/www.lafragolanapoli.it\/giornale\/wp-content\/uploads\/2013\/01\/C_35_video_16605_framevideo.jpg\" alt=\"\" width=\"160\" height=\"120\" \/><\/a><\/p>\n<p style=\"text-align: center;\"><strong>Guarda il video<\/strong><\/p>\n<p style=\"text-align: center;\"><strong>\u00a0<\/strong><\/p>\n<p style=\"text-align: left;\"><strong>fonte <a href=\"http:\/\/www.striscialanotizia.mediaset.it\/puntata\/2013\/01\/08\/puntata_91.shtml\">http:\/\/www.striscialanotizia.mediaset.it<\/a><\/strong><\/p>\n","protected":false},"excerpt":{"rendered":"<p>Napoli &#8211; E&#8217; andato in onda ieri sera, nell&#8217;ambito della famosa trasmissione di Antonio Ricci, &#8220;Striscia la Notizia&#8221;, un servizio a cura dell&#8217;inviato Luca Abete, in cui si vede chiaramente [&hellip;]<\/p>\n","protected":false},"author":2,"featured_media":28674,"comment_status":"closed","ping_status":"open","sticky":false,"template":"","format":"standard","meta":{"footnotes":""},"categories":[1],"tags":[],"class_list":["post-28673","post","type-post","status-publish","format-standard","has-post-thumbnail","hentry","category-la-fragola-napoli"],"_links":{"self":[{"href":"http:\/\/www.lafragolanapoli.it\/giornale\/wp-json\/wp\/v2\/posts\/28673","targetHints":{"allow":["GET"]}}],"collection":[{"href":"http:\/\/www.lafragolanapoli.it\/giornale\/wp-json\/wp\/v2\/posts"}],"about":[{"href":"http:\/\/www.lafragolanapoli.it\/giornale\/wp-json\/wp\/v2\/types\/post"}],"author":[{"embeddable":true,"href":"http:\/\/www.lafragolanapoli.it\/giornale\/wp-json\/wp\/v2\/users\/2"}],"replies":[{"embeddable":true,"href":"http:\/\/www.lafragolanapoli.it\/giornale\/wp-json\/wp\/v2\/comments?post=28673"}],"version-history":[{"count":5,"href":"http:\/\/www.lafragolanapoli.it\/giornale\/wp-json\/wp\/v2\/posts\/28673\/revisions"}],"predecessor-version":[{"id":28680,"href":"http:\/\/www.lafragolanapoli.it\/giornale\/wp-json\/wp\/v2\/posts\/28673\/revisions\/28680"}],"wp:featuredmedia":[{"embeddable":true,"href":"http:\/\/www.lafragolanapoli.it\/giornale\/wp-json\/wp\/v2\/media\/28674"}],"wp:attachment":[{"href":"http:\/\/www.lafragolanapoli.it\/giornale\/wp-json\/wp\/v2\/media?parent=28673"}],"wp:term":[{"taxonomy":"category","embeddable":true,"href":"http:\/\/www.lafragolanapoli.it\/giornale\/wp-json\/wp\/v2\/categories?post=28673"},{"taxonomy":"post_tag","embeddable":true,"href":"http:\/\/www.lafragolanapoli.it\/giornale\/wp-json\/wp\/v2\/tags?post=28673"}],"curies":[{"name":"wp","href":"https:\/\/api.w.org\/{rel}","templated":true}]}}