{"id":28643,"date":"2013-01-08T17:20:09","date_gmt":"2013-01-08T21:20:09","guid":{"rendered":"http:\/\/www.lafragolanapoli.it\/giornale\/?p=28643"},"modified":"2013-01-08T17:20:10","modified_gmt":"2013-01-08T21:20:10","slug":"afragola-ritorna-la-reliquia-di-san-giuseppe-moscati-in-visita-al-santuario-del-sacro-cuore","status":"publish","type":"post","link":"http:\/\/www.lafragolanapoli.it\/giornale\/afragola-ritorna-la-reliquia-di-san-giuseppe-moscati-in-visita-al-santuario-del-sacro-cuore\/","title":{"rendered":"Afragola, Ritorna la reliquia di San Giuseppe Moscati in visita al santuario del Sacro Cuore"},"content":{"rendered":"<p><a rel=\"attachment wp-att-28644\" href=\"http:\/\/www.lafragolanapoli.it\/giornale\/?attachment_id=28644\"><img loading=\"lazy\" decoding=\"async\" class=\"alignleft size-full wp-image-28644\" title=\"sangiuseppemoscati\" src=\"http:\/\/www.lafragolanapoli.it\/giornale\/wp-content\/uploads\/2013\/01\/sangiuseppemoscati.jpg\" alt=\"\" width=\"178\" height=\"173\" \/><\/a><\/p>\n<p>Dopo circa due anni, precisamente,\u00a0il<strong> 26 febbraio 2011, una visita effettuata presso la Basilica di S.Antonio in Afragola\u00a0\u00a0<\/strong>La\u00a0\u00a0reliquia del medico santo ritorna ad Afragola. Domenica 6 gennaio, alle 17, la reliquia di San Giuseppe Moscati accolta in piazza Municipio dai Padri Missionari dei Sacri Cuori che la custodiranno nel santuario del Sacro Cuore fino all&#8217;11 gennaio.<\/p>\n<p><a rel=\"attachment wp-att-28645\" href=\"http:\/\/www.lafragolanapoli.it\/giornale\/?attachment_id=28645\"><img loading=\"lazy\" decoding=\"async\" class=\"alignright size-full wp-image-28645\" title=\"images\" src=\"http:\/\/www.lafragolanapoli.it\/giornale\/wp-content\/uploads\/2013\/01\/images.jpg\" alt=\"\" width=\"181\" height=\"159\" \/><\/a><\/p>\n<p>La chiesa rester\u00e0 aperta per la venerazione della Reliquia dalle ore 07.00 alle 12.00 e dalle 16.30 alle 19.30.<\/p>\n<p>Giuseppe Moscati nato a Benevento il 25 luglio del 1880 ha saputo amorevolmente, nella sua breve e proficua vita, congiungere la Carit\u00e0, la Scienza e la Fede. Testimoniava ai pazienti il convincimento che la malattia pu\u00f2 essere resa pi\u00f9 leggera se ci si alimenta del conforto religioso e spirituale. Questi suoi comportamenti li riassunse al meglio in questa frase: \u201cEsercitiamoci quotidianamente nella carit\u00e0. Dio \u00e8 carit\u00e0. Chi sta nella carit\u00e0 sta in Dio e Dio sta in lui. Non dimentichiamoci di fare ogni giorno, anzi in ogni momento, offerta delle nostre azioni a Dio compiendo tutto per amore\u201d. Inizi\u00f2 il suo \u201cApostolato\u201d presso l\u2019Ospedale degli Incurabili, di cui nel 1919 divenne anche Primario. Il 12 aprile del 1927, martedi santo, dopo aver preso parte alla Celebrazione Eucaristica e aver atteso ai suoi compiti in Ospedale e nel suo studio privato, si sent\u00ec male, si adagi\u00f2 sulla poltrona, incroci\u00f2 le braccia sul petto e spir\u00f2 serenamente. Aveva solo 47 anni.La notizia della sua morte si diffuse rapidamente in tutta Napoli, era morto \u201cil medico santo\u201d. Il Santo Padre Paolo VI lo ha proclamato Beato il 16 novembre del 1975 e il Servo di Dio Giovanni Paolo II lo ha canonizzato il 25 ottobre del 1987.<\/p>\n","protected":false},"excerpt":{"rendered":"<p>Dopo circa due anni, precisamente,\u00a0il 26 febbraio 2011, una visita effettuata presso la Basilica di S.Antonio in Afragola\u00a0\u00a0La\u00a0\u00a0reliquia del medico santo ritorna ad Afragola. Domenica 6 gennaio, alle 17, la [&hellip;]<\/p>\n","protected":false},"author":2,"featured_media":28644,"comment_status":"closed","ping_status":"open","sticky":false,"template":"","format":"standard","meta":{"footnotes":""},"categories":[1,4],"tags":[],"class_list":["post-28643","post","type-post","status-publish","format-standard","has-post-thumbnail","hentry","category-la-fragola-napoli","category-lo-strillo-afragola"],"_links":{"self":[{"href":"http:\/\/www.lafragolanapoli.it\/giornale\/wp-json\/wp\/v2\/posts\/28643","targetHints":{"allow":["GET"]}}],"collection":[{"href":"http:\/\/www.lafragolanapoli.it\/giornale\/wp-json\/wp\/v2\/posts"}],"about":[{"href":"http:\/\/www.lafragolanapoli.it\/giornale\/wp-json\/wp\/v2\/types\/post"}],"author":[{"embeddable":true,"href":"http:\/\/www.lafragolanapoli.it\/giornale\/wp-json\/wp\/v2\/users\/2"}],"replies":[{"embeddable":true,"href":"http:\/\/www.lafragolanapoli.it\/giornale\/wp-json\/wp\/v2\/comments?post=28643"}],"version-history":[{"count":2,"href":"http:\/\/www.lafragolanapoli.it\/giornale\/wp-json\/wp\/v2\/posts\/28643\/revisions"}],"predecessor-version":[{"id":28647,"href":"http:\/\/www.lafragolanapoli.it\/giornale\/wp-json\/wp\/v2\/posts\/28643\/revisions\/28647"}],"wp:featuredmedia":[{"embeddable":true,"href":"http:\/\/www.lafragolanapoli.it\/giornale\/wp-json\/wp\/v2\/media\/28644"}],"wp:attachment":[{"href":"http:\/\/www.lafragolanapoli.it\/giornale\/wp-json\/wp\/v2\/media?parent=28643"}],"wp:term":[{"taxonomy":"category","embeddable":true,"href":"http:\/\/www.lafragolanapoli.it\/giornale\/wp-json\/wp\/v2\/categories?post=28643"},{"taxonomy":"post_tag","embeddable":true,"href":"http:\/\/www.lafragolanapoli.it\/giornale\/wp-json\/wp\/v2\/tags?post=28643"}],"curies":[{"name":"wp","href":"https:\/\/api.w.org\/{rel}","templated":true}]}}