{"id":28633,"date":"2013-01-06T08:05:41","date_gmt":"2013-01-06T12:05:41","guid":{"rendered":"http:\/\/www.lafragolanapoli.it\/giornale\/?p=28633"},"modified":"2013-01-06T08:05:48","modified_gmt":"2013-01-06T12:05:48","slug":"afragola-na-%e2%80%93-cane-maltrattato-con-%e2%80%9cnumerosissimi-pallini-di-piccolo-calibro%e2%80%9d","status":"publish","type":"post","link":"http:\/\/www.lafragolanapoli.it\/giornale\/afragola-na-%e2%80%93-cane-maltrattato-con-%e2%80%9cnumerosissimi-pallini-di-piccolo-calibro%e2%80%9d\/","title":{"rendered":"Afragola (NA) \u2013 cane maltrattato con  \u201cnumerosissimi pallini di piccolo calibro\u201d"},"content":{"rendered":"<h3 style=\"text-align: center;\"><a rel=\"attachment wp-att-28634\" href=\"http:\/\/www.lafragolanapoli.it\/giornale\/?attachment_id=28634\"><img loading=\"lazy\" decoding=\"async\" class=\"aligncenter size-full wp-image-28634\" title=\"golia-300x283\" src=\"http:\/\/www.lafragolanapoli.it\/giornale\/wp-content\/uploads\/2013\/01\/golia-300x283.jpg\" alt=\"\" width=\"300\" height=\"283\" \/><\/a><\/h3>\n<h3 style=\"text-align: center;\">Sta meglio ma gi\u00e0 ieri un&#8217;altra emergenza: un cucciolo scaraventato da un&#8217;automobile.<\/h3>\n<p>di redazione | 26 dicembre 2012<\/p>\n<p>GEAPRESS \u2013 Il referto medico veterinario toglie ogni dubbio: \u201c<em>cane con ferita d\u2019arma da fuoco alla testa, presenta numerosissimi pallini di piccolo calibro ritenuti<\/em>\u201c. Tutto confermato dunque. Il grosso maremmano di Afragola\u00a0 ha avuto puntato sul muso e a distanza ravvicinata, la canna di un fucile da caccia. L\u2019occhio sinistro \u00e8 perso per sempre, mentre tra pochi giorni la visita veterinaria dir\u00e0 sul da farsi. Intanto per Golia (cos\u00ec \u00e8 stato chiamato dai volontari) continua la terapia antibiotica e le flebo.<\/p>\n<p>Il cane era stato oggetto di una segnalazione anonima pervenuta all\u2019associazione <a href=\"http:\/\/adozioni.altervista.org\/\">Trovatello4000\u00a0<\/a>. Un luogo malfamato di Afragola (NA). I volontari si erano subito recati sul posto assieme alla Polizia Municipale. Quattro cani, di cui uno fatto sparire poco prima dell\u2019arrivo dei Vigili. Un setter, prelevato dai volontari e gli altri due (un pastore tedesco ed il maremmano \u201cGolia\u201d) attualmente affidati alle cure dell\u2019ASL veterinaria.<\/p>\n<p>\u201c<em>Contiamo di darlo in adozione<\/em> \u2013 riferisce a GeaPress Maria Solimeno dell\u2019associazione Trovatello4000 \u2013 <em>ma prima dobbiamo essere certi che il cane si sia ripreso<\/em>\u201c.<\/p>\n<p>Un\u2019emergenza continua, quella delle volontarie dell\u2019associazione attiva nell\u2019hinterland napoletano. Fino ad ieri sono dovute accorrere a Casoria per un cucciolo scaraventato dal finestrino di una macchina. \u201cNatalino\u201d sta bene e non ha subito danni fisici. Ora, per\u00f2, tutte le attenzioni sono puntate su Golia, il cane con i \u201c<em>numerosissimi pallini di piccolo calibro<\/em>\u201c. Per ora non pu\u00f2 subire intervento chirurgico.\u00a0Ha perso molto sangue ed una operazione, in questo stato, \u00e8 sconsigliata. Appena possibile si tenter\u00e0 di togliere\u00a0i pallini. Il piombo, come \u00e8 noto, rilascia sali tossici. Di certo il povero Golia ha parecchi pallini in testa ed in bocca, dove, cio\u00e8, \u00e8 stato indirizzato il fucile da caccia. E\u2019 un cane giovane ed il fatto che\u00a0abbia inizaito a bere e mangiare, fa ben sperare i volontari.<\/p>\n","protected":false},"excerpt":{"rendered":"<p>Sta meglio ma gi\u00e0 ieri un&#8217;altra emergenza: un cucciolo scaraventato da un&#8217;automobile. di redazione | 26 dicembre 2012 GEAPRESS \u2013 Il referto medico veterinario toglie ogni dubbio: \u201ccane con ferita [&hellip;]<\/p>\n","protected":false},"author":2,"featured_media":28634,"comment_status":"closed","ping_status":"open","sticky":false,"template":"","format":"standard","meta":{"footnotes":""},"categories":[1],"tags":[],"class_list":["post-28633","post","type-post","status-publish","format-standard","has-post-thumbnail","hentry","category-la-fragola-napoli"],"_links":{"self":[{"href":"http:\/\/www.lafragolanapoli.it\/giornale\/wp-json\/wp\/v2\/posts\/28633","targetHints":{"allow":["GET"]}}],"collection":[{"href":"http:\/\/www.lafragolanapoli.it\/giornale\/wp-json\/wp\/v2\/posts"}],"about":[{"href":"http:\/\/www.lafragolanapoli.it\/giornale\/wp-json\/wp\/v2\/types\/post"}],"author":[{"embeddable":true,"href":"http:\/\/www.lafragolanapoli.it\/giornale\/wp-json\/wp\/v2\/users\/2"}],"replies":[{"embeddable":true,"href":"http:\/\/www.lafragolanapoli.it\/giornale\/wp-json\/wp\/v2\/comments?post=28633"}],"version-history":[{"count":4,"href":"http:\/\/www.lafragolanapoli.it\/giornale\/wp-json\/wp\/v2\/posts\/28633\/revisions"}],"predecessor-version":[{"id":28638,"href":"http:\/\/www.lafragolanapoli.it\/giornale\/wp-json\/wp\/v2\/posts\/28633\/revisions\/28638"}],"wp:featuredmedia":[{"embeddable":true,"href":"http:\/\/www.lafragolanapoli.it\/giornale\/wp-json\/wp\/v2\/media\/28634"}],"wp:attachment":[{"href":"http:\/\/www.lafragolanapoli.it\/giornale\/wp-json\/wp\/v2\/media?parent=28633"}],"wp:term":[{"taxonomy":"category","embeddable":true,"href":"http:\/\/www.lafragolanapoli.it\/giornale\/wp-json\/wp\/v2\/categories?post=28633"},{"taxonomy":"post_tag","embeddable":true,"href":"http:\/\/www.lafragolanapoli.it\/giornale\/wp-json\/wp\/v2\/tags?post=28633"}],"curies":[{"name":"wp","href":"https:\/\/api.w.org\/{rel}","templated":true}]}}