{"id":28594,"date":"2013-01-05T14:32:36","date_gmt":"2013-01-05T18:32:36","guid":{"rendered":"http:\/\/www.lafragolanapoli.it\/giornale\/?p=28594"},"modified":"2013-01-05T14:32:36","modified_gmt":"2013-01-05T18:32:36","slug":"incontro-tra-napolitano-e-de-magistris-a-villa-rosebery","status":"publish","type":"post","link":"http:\/\/www.lafragolanapoli.it\/giornale\/incontro-tra-napolitano-e-de-magistris-a-villa-rosebery\/","title":{"rendered":"Incontro tra Napolitano e de Magistris a Villa Rosebery"},"content":{"rendered":"<div><a rel=\"attachment wp-att-28596\" href=\"http:\/\/www.lafragolanapoli.it\/giornale\/?attachment_id=28596\"><img loading=\"lazy\" decoding=\"async\" class=\"alignleft size-full wp-image-28596\" title=\"ok1\" src=\"http:\/\/www.lafragolanapoli.it\/giornale\/wp-content\/uploads\/2013\/01\/ok1.png\" alt=\"\" width=\"242\" height=\"146\" \/><\/a><\/div>\n<div>Napoli \u2013 E&#8217; avvenuto nel pomeriggio di ieri, intorno alle 17.00, un incontro tra il presidente della Repubblica, in visita a Napoli per un periodo di riposo, e il primo cittadino della citt\u00e0 Luigi de Magistris. Il colloquio si \u00e8 svolto a Villa Rosebery, a Posillipo, dove il presidente ha ospitato il sindaco de Magistris. Poco \u00e8 trapelato di quanto si siano detti i due a colloquio. De Magistris ai microfoni della trasmissione radiofonica &#8220;Fuori dal Comune&#8221; in onda su Radio Kiss Kiss Napoli, ha spiegato che al centro del discorso, durato pi\u00f9 di un&#8217;ora si \u00e8 parlato \u201cdelle questioni nazionali, della situazione nazionale, di alcuni aspetti istituzionali e della citt\u00e0 di Napoli. \u00c8 stato un incontro molto cordiale\u201d. Poi ha aggiunto: \u201cll Presidente \u00e8 molto attento su tutte le questioni napoletane e le segue con molta attenzione e vicinanza. Tra sindaco di Napoli e Presidente della Repubblica si \u00e8 instaurato un rapporto corretto, questo \u00e8 un fatto importante per la nostra citt\u00e0\u201d. E ancora: \u201c Il momento \u00e8 molto delicato &#8211; ha proseguito de Magistris &#8211; e si avvicina una campagna elettorale molto complicata. Io, da sindaco della mia citt\u00e0, mi auguro che ci sia un governo pi\u00f9 vicino ai cittadini. Abbiamo sofferto in questo anno e mezzo una lontananza dei poteri forti dai cittadini, l&#8217;ho avvertita da sindaco ed \u00e8 una divaricazione che non va bene. Ci vuole &#8211; ha concluso &#8211; un Governo pi\u00f9 prossimo ai veri bisogni, non quelli dei grandi poteri finanziari\u201d.<\/div>\n","protected":false},"excerpt":{"rendered":"<p>Napoli \u2013 E&#8217; avvenuto nel pomeriggio di ieri, intorno alle 17.00, un incontro tra il presidente della Repubblica, in visita a Napoli per un periodo di riposo, e il primo [&hellip;]<\/p>\n","protected":false},"author":2,"featured_media":28596,"comment_status":"closed","ping_status":"open","sticky":false,"template":"","format":"standard","meta":{"footnotes":""},"categories":[1,3],"tags":[],"class_list":["post-28594","post","type-post","status-publish","format-standard","has-post-thumbnail","hentry","category-la-fragola-napoli","category-lo-strillone-di-napoli"],"_links":{"self":[{"href":"http:\/\/www.lafragolanapoli.it\/giornale\/wp-json\/wp\/v2\/posts\/28594","targetHints":{"allow":["GET"]}}],"collection":[{"href":"http:\/\/www.lafragolanapoli.it\/giornale\/wp-json\/wp\/v2\/posts"}],"about":[{"href":"http:\/\/www.lafragolanapoli.it\/giornale\/wp-json\/wp\/v2\/types\/post"}],"author":[{"embeddable":true,"href":"http:\/\/www.lafragolanapoli.it\/giornale\/wp-json\/wp\/v2\/users\/2"}],"replies":[{"embeddable":true,"href":"http:\/\/www.lafragolanapoli.it\/giornale\/wp-json\/wp\/v2\/comments?post=28594"}],"version-history":[{"count":2,"href":"http:\/\/www.lafragolanapoli.it\/giornale\/wp-json\/wp\/v2\/posts\/28594\/revisions"}],"predecessor-version":[{"id":28598,"href":"http:\/\/www.lafragolanapoli.it\/giornale\/wp-json\/wp\/v2\/posts\/28594\/revisions\/28598"}],"wp:featuredmedia":[{"embeddable":true,"href":"http:\/\/www.lafragolanapoli.it\/giornale\/wp-json\/wp\/v2\/media\/28596"}],"wp:attachment":[{"href":"http:\/\/www.lafragolanapoli.it\/giornale\/wp-json\/wp\/v2\/media?parent=28594"}],"wp:term":[{"taxonomy":"category","embeddable":true,"href":"http:\/\/www.lafragolanapoli.it\/giornale\/wp-json\/wp\/v2\/categories?post=28594"},{"taxonomy":"post_tag","embeddable":true,"href":"http:\/\/www.lafragolanapoli.it\/giornale\/wp-json\/wp\/v2\/tags?post=28594"}],"curies":[{"name":"wp","href":"https:\/\/api.w.org\/{rel}","templated":true}]}}