{"id":28585,"date":"2013-01-05T14:21:51","date_gmt":"2013-01-05T18:21:51","guid":{"rendered":"http:\/\/www.lafragolanapoli.it\/giornale\/?p=28585"},"modified":"2013-01-05T14:23:10","modified_gmt":"2013-01-05T18:23:10","slug":"scampia-si-oppone-a-riprese-della-serie-tv-%c2%abgomorra%c2%bbangelo-pisani-presidente-della-municipalita-%c2%abbasta-speculare-gia-lo-fanno-i-tg","status":"publish","type":"post","link":"http:\/\/www.lafragolanapoli.it\/giornale\/scampia-si-oppone-a-riprese-della-serie-tv-%c2%abgomorra%c2%bbangelo-pisani-presidente-della-municipalita-%c2%abbasta-speculare-gia-lo-fanno-i-tg\/","title":{"rendered":"Scampia si oppone a riprese della serie tv \u00abGomorra\u00bb,Angelo Pisani (presidente della Municipalit\u00e0): \u00abBasta speculare, gi\u00e0 lo fanno i tg"},"content":{"rendered":"<h3 style=\"text-align: center;\"><a rel=\"attachment wp-att-28587\" href=\"http:\/\/www.lafragolanapoli.it\/giornale\/?attachment_id=28587\"><img loading=\"lazy\" decoding=\"async\" class=\"alignleft size-full wp-image-28587\" title=\"Gomorra4--180x140\" src=\"http:\/\/www.lafragolanapoli.it\/giornale\/wp-content\/uploads\/2013\/01\/Gomorra4-180x140.jpg\" alt=\"\" width=\"180\" height=\"139\" \/><\/a><\/h3>\n<h3 style=\"text-align: center;\">La Municipalit\u00e0 nega l&#8217;ok alla fiction Sky e de Magistris rilancia: parte dei diritti televisivi per finanziare scuole<\/h3>\n<p>di Alessandro Chetta<\/p>\n<p>NAPOLI &#8211; Scampia contro Gomorra. Il quartiere dice no ad una fiction tv per Sky. O meglio \u00e8 il presidente della Municipalit\u00e0, Angelo Pisani, ad opporsi alla realizzazione delle riprese di una serie tv che dovrebbe intitolarsi proprio \u00abGomorra\u00bb, sulla falsariga del film di Matteo Garrone. Primo ciak fissato per il 28 gennaio. Pisani, contattato dal Corriere del Mezzogiorno, conferma: \u00abHo negato qualsiasi autorizzazione allo sfruttamento di immagini e luoghi in danno del territorio. \u00c8 ora di dire basta allo sfruttamento strumentale di Napoli e in particolare di questo quartiere. Enfatizzare sempre e soltanto le cose negative, che naturalmente ci sono, \u00e8 innegabile, non risolve nulla anzi peggiora i problemi e conferma il marchio d&#8217;infamia che suo malgrado Scampia si tira addosso. E questo &#8211; prosegue &#8211; nonostante ci siano tante realt\u00e0 positive di cui non si parla mai. Su 120mila abitanti almeno 199mila sono persone oneste e perbene\u00bb.<\/p>\n<p>OCCUPAZIONE DI SUOLO &#8211; Il presidente, nello specifico, sostiene di aver negato l&#8217;occupazione di suolo \u00abad una societ\u00e0 in procinto di effettuare riprese\u00bb, che avrebbe, secondo acquisito i diritti del libro di Roberto Saviano. \u00abSiamo gi\u00e0 bersagliati dai tg e dai giornali di tutto il mondo. Credo sia ora di porre un freno a questo andazzo a senso unico, basta sfruttare mediaticamente i luoghi comuni: Scampia non \u00e8 Bagdad\u00bb.<\/p>\n<p>COME \u00abROMANZO CRIMINALE\u00bb &#8211; La serie \u00abGomorra\u00bb \u00e8 prodotta da Cattleya e Fandango per Sky. A firmare la regia \u00e8 Stefano Sollima (il suo ultimo lavoro \u00e8 Acab). L&#8217;operazione televisiva segue il trend di Romanzo Criminale. Prima libro (De Cataldo), poi al cinema (il film di Placido) e infine serie Sky di grande successo. Cos\u00ec Gomorra: dal bestseller di Saviano del 2006 alla pellicola pluripremiata di Garrone (2008) e ora sul piccolo schermo a puntate.<\/p>\n<p>L&#8217;\u00abESPLOSIONE\u00bb DEL BAR &#8211; A dir poco singolare il modo in cui la Municipalit\u00e0 \u00e8 venuta a conoscenza della volont\u00e0 di impiantare il set a Scampia. \u00abAlcuni giorni fa &#8211; dichiara Pisani &#8211; \u00e8 venuto il titolare di un bar, di cui ho tutti gli estremi, chiedendo l&#8217;autorizzazione per compiere lavori di ristrutturazione. Sapete qual era il motivo? La produzione voleva far saltare il bar in aria per riprendere l&#8217;esplosione, salvo naturalmente ristorare il titolare per la ricostruzione del locale\u00bb.<\/p>\n<p>DE MAGISTRIS &#8211; Su Facebook interviene anche il sindaco di Napoli Luigi de Magistris: \u00abNon appartiene a questa amministrazione il diniego di autorizzazioni che riguardano le varie attivit\u00e0 culturali e comunicative ma siamo stanchi di vedere Scampia ridotta, anche sul piano dell&#8217;immagine e non solo nazionale, a territorio di conquista della camorra in lotta, come se a Scampia non esistesse altro al di fuori delle piazze di spaccio e della faida dei clan\u00bb. E propone: \u00abChiedo allora: perch\u00e8 i diritti televisivi pagati lautamente non vengono riconosciuti, per esempio, al finanziamento dei progetti delle associazioni e delle scuole impegnate sul territorio? Sarebbe non solo un segnale d&#8217;amore verso questo quartiere e questa citt\u00e0, ma anche un aiuto concreto per sostenere il cammino di emancipazione e riscatto che Scampia e Napoli stanno compiendo e vogliono continuare a compiere\u00bb.<\/p>\n<p>IL PRODUTTORE &#8211; Il produttore di Cattleya Riccardo Tozzi si dice \u00absorpreso\u00bb della polemica: \u00abCi sorprende molto il no del presidente della Municipalit\u00e0. Non c&#8217;\u00e8 una identificazione cos\u00ec precisa di Scampia, che nell&#8217;ambito della serie rappresenter\u00e0 al massimo un 5%. C&#8217;\u00e8 &#8211; dice all&#8217;Ansa &#8211; una grande variet\u00e0 di ambienti e situazioni ma la cosa pi\u00f9 importante \u00e8 che la serie \u00e8 quanto di pi\u00f9 lontano dalla rappresentazione positiva della camorra, anzi da nel racconto grandissimo spazio a quei personaggi positivi del territorio che sono le altre figure del mondo di Saviano, quelli che lottano per cambiare le cose. Per questo &#8211; conclude Tozzi &#8211; la presa di posizione di oggi ci giunge cos\u00ec di sorpresa, aspettiamo un incontro con il sindaco, sperando non sia troppo impegnato con la campagna elettorale e siamo fiduciosi che si possano recuperare le riprese a Scampia dopo ulteriori chiarimenti\u00bb.<\/p>\n<p><!-- google_ad_section_end -->Alessandro Chetta <strong>05 gennaio 2013<\/strong><\/p>\n<p><strong>da <a href=\"http:\/\/corrieredelmezzogiorno.corriere.it\/napoli\/notizie\/cronaca\/2013\/5-gennaio-2013\/scampia-si-oppone-fiction-gomorraqui-non-si-faranno-riprese-basta-speculare-2113421997811.shtml\">http:\/\/corrieredelmezzogiorno.corriere.it<\/a><\/strong><\/p>\n","protected":false},"excerpt":{"rendered":"<p>La Municipalit\u00e0 nega l&#8217;ok alla fiction Sky e de Magistris rilancia: parte dei diritti televisivi per finanziare scuole di Alessandro Chetta NAPOLI &#8211; Scampia contro Gomorra. Il quartiere dice no [&hellip;]<\/p>\n","protected":false},"author":2,"featured_media":28587,"comment_status":"closed","ping_status":"open","sticky":false,"template":"","format":"standard","meta":{"footnotes":""},"categories":[1,3],"tags":[],"class_list":["post-28585","post","type-post","status-publish","format-standard","has-post-thumbnail","hentry","category-la-fragola-napoli","category-lo-strillone-di-napoli"],"_links":{"self":[{"href":"http:\/\/www.lafragolanapoli.it\/giornale\/wp-json\/wp\/v2\/posts\/28585","targetHints":{"allow":["GET"]}}],"collection":[{"href":"http:\/\/www.lafragolanapoli.it\/giornale\/wp-json\/wp\/v2\/posts"}],"about":[{"href":"http:\/\/www.lafragolanapoli.it\/giornale\/wp-json\/wp\/v2\/types\/post"}],"author":[{"embeddable":true,"href":"http:\/\/www.lafragolanapoli.it\/giornale\/wp-json\/wp\/v2\/users\/2"}],"replies":[{"embeddable":true,"href":"http:\/\/www.lafragolanapoli.it\/giornale\/wp-json\/wp\/v2\/comments?post=28585"}],"version-history":[{"count":3,"href":"http:\/\/www.lafragolanapoli.it\/giornale\/wp-json\/wp\/v2\/posts\/28585\/revisions"}],"predecessor-version":[{"id":28589,"href":"http:\/\/www.lafragolanapoli.it\/giornale\/wp-json\/wp\/v2\/posts\/28585\/revisions\/28589"}],"wp:featuredmedia":[{"embeddable":true,"href":"http:\/\/www.lafragolanapoli.it\/giornale\/wp-json\/wp\/v2\/media\/28587"}],"wp:attachment":[{"href":"http:\/\/www.lafragolanapoli.it\/giornale\/wp-json\/wp\/v2\/media?parent=28585"}],"wp:term":[{"taxonomy":"category","embeddable":true,"href":"http:\/\/www.lafragolanapoli.it\/giornale\/wp-json\/wp\/v2\/categories?post=28585"},{"taxonomy":"post_tag","embeddable":true,"href":"http:\/\/www.lafragolanapoli.it\/giornale\/wp-json\/wp\/v2\/tags?post=28585"}],"curies":[{"name":"wp","href":"https:\/\/api.w.org\/{rel}","templated":true}]}}